{"id":57292,"date":"2026-04-27T20:19:01","date_gmt":"2026-04-27T19:19:01","guid":{"rendered":"http:\/\/livenewsmalta.com\/?p=57292"},"modified":"2026-04-27T20:19:01","modified_gmt":"2026-04-27T19:19:01","slug":"message-from-prime-minister-robert-abela-as-general-election-is-called","status":"publish","type":"post","link":"http:\/\/livenewsmalta.com\/index.php\/2026\/04\/27\/message-from-prime-minister-robert-abela-as-general-election-is-called\/","title":{"rendered":"Message from Prime Minister Robert Abela as General Election is called"},"content":{"rendered":"<p><strong><em>Messa\u0121\u0121 lin-nazzjon mill-Prim Ministru Robert Abela<\/em><\/strong><\/p>\n<p>Insellmilkom,<\/p>\n<p>Fl-a\u0127\u0127ar \u0121img\u0127at g\u0127exna, u g\u0127adna qed ng\u0127ixu sitwazzjoni internazzjonali straordinarja mad-dinja kollha.<\/p>\n<p>Sa tlett ijiem ilu biss, a\u0127na l-Mexxejja Ewropej u Mexxejja o\u0127rajn, \u0121ejna msejj\u0127in f\u2019\u010aipru biex nitkellmu dwar din is-sitwazzjoni internazzjonali straordinarja.<\/p>\n<p>Wie\u0127ed mill-aktar su\u0121\u0121etti ta\u2019 t\u0127assib g\u0127alina l-Ewropej, u g\u0127ad-dinja kollha, hija s-sitwazzjoni tal-ener\u0121ija.<\/p>\n<p>Tkellimna fuq kif &#8211; fil-qalba tal-gwerra fil-Lvant Nofsani, hemm it-theddida li xi \u0127add jag\u0127laq il-vit fuq il-bqija tad-dinja fil-provvista ta\u017c-\u017cejt, tal-gass, tal-petrol u tad-diesel.<\/p>\n<p>Din mhijiex sitwazzjoni ta\u2019 xi ftit jiem, jew ftit \u0121img\u0127at, jew ftit xhur.<\/p>\n<p>Dak li qed ng\u0127ixu llum fuq livell internazzjonali qed isir in-normalit\u00e0 \u0121dida.<\/p>\n<p>Pajji\u017cna, dan kollu, laqa\u2019 g\u0127alih.<\/p>\n<p>Illejla rrid ner\u0121a\u2019 nserra\u0127 mo\u0127\u0127 kul\u0127add li minkejja d-diffikultajiet kollha illi je\u017cistu, pajji\u017cna jinsab preparat.<\/p>\n<p>Il-pjan tag\u0127na ma jilqax g\u0127al-lum biss.\u00a0 Imma g\u0127as-snin li \u0121ejjin.<\/p>\n<p>Pjan li bdejna na\u0127dmu fuqu sew minn qabel beda dan l-inkwiet kollu.<\/p>\n<p>Pjan li ja\u0127seb g\u0127al kull eventwalit\u00e0.<\/p>\n<p>\u0120irien tag\u0127na qed i\u0127arsu lejn lock-down tal-ener\u0121ija &#8211; jitfu d-dawl, ifaddlu l-fuels, jg\u0127ollu l-kontijiet tad-dawl u l-prezzijiet tal-petrol u d-diesel.<\/p>\n<p>Il-pjan tag\u0127na g\u0127alikom, ma fih xejn minn dan \u2013 anzi l-prijorit\u00e0 primarja tag\u0127na hi li nkomplu nkunu t-tarka tag\u0127kom &#8211;\u00a0 li nipprote\u0121u lill-familji u n-negozji.<\/p>\n<p>Il-finanzi tal-pajji\u017c jifil\u0127u sew g\u0127al din id-daqqa. Fl-istess waqt \u2013 sa\u0127ansitra l\u0127aqna l-miri finanzjarji tag\u0127na b\u0127ala pajji\u017c qabel i\u017c-\u017cmien.<\/p>\n<p>G\u0127alhekk &#8211; nista\u2019 nag\u0127tikom garanzija ta\u2019 stabbilt\u00e0 \u2013 garanzija li l-kontijiet tad-dawl u l-ilma, u l-prezzijiet tal-fuels u tal-gass, se jibqg\u0127u stabbli.<\/p>\n<p>G\u0127ax g\u0127andna l-g\u0127aqal, il-kompetenza, u l-esperjenza fit-tmexxija &#8211; faddalna mal-250 miljun ewro biex fil-mument tal-b\u017conn, il-pajji\u017c isib kaxxa mimlija.<\/p>\n<p>U dan il-b\u017conn re\u0121a\u2019 jinsab mag\u0127na llum.<\/p>\n<p>Flimkien, g\u0127elibna sfidi kbar fl-a\u0127\u0127ar snin.<\/p>\n<p>Irnexxielna, g\u0127ax konna ffukati \u2013 g\u0127ax \u0127adna \u0127sieb xulxin.<\/p>\n<p>G\u0127ax emminna f\u2019xulxin.<\/p>\n<p>Irnexxielna g\u0127ax il-prijoritajiet tag\u0127na dejjem kienu fil-post it-tajjeb: il-familji, in-negozji, i\u017c-\u017cg\u0127a\u017cag\u0127, l-anzjani \u2013 l-G\u0127awdxin u l-Maltin kollha.<\/p>\n<p>Irnexxielna wkoll &#8211; g\u0127ax \u0127loqna u \u017cammejna ekonomija b\u2019sa\u0127\u0127itha. G\u0127ax bqajna dejjem nemmnu f\u2019mudell ekonomiku progressiv, u ma \u010bedejna l-ebda pressjoni li saret biex nix\u0127tu l-pi\u017cijiet fuqkom.<\/p>\n<p>L-isfidi fl-ebda \u0127in ma naqsu.<\/p>\n<p>Imma xog\u0127li dejjem kien li nara li intom ma titg\u0127abbewx b\u2019inkwiet \u017cejjed.<\/p>\n<p>L-inkwiet \u0127alluh g\u0127alina.<\/p>\n<p>Gvern immexxi minni ser jibqa\u2019 jkun it-tarka tag\u0127kom.<\/p>\n<p>\u0126bieb tieg\u0127i,<\/p>\n<p>Il-mument ta\u2019 meta l-pajji\u017c g\u0127andu jag\u0127\u017cel il-Gvern g\u0127all-\u0127ames snin li \u0121ejjin kienet xi \u0127a\u0121a li f\u2019dawn l-a\u0127\u0127ar \u0121img\u0127at tajtha l-\u0127sieb li kien jixirqilha.<\/p>\n<p>Kien naturali li ladarba l-Gvern beda l-a\u0127\u0127ar sena tal-le\u0121i\u017clatura tieg\u0127u, id-diskussjoni dwar dan kienet se tkun wa\u0127da kontinwa.<\/p>\n<p>Dejjem \u0127dimt g\u0127all-istabbilt\u00e0 u \u010b-\u010bertezza \u2013 u aktar minn qatt qabel, huwa dak li g\u0127andu b\u017conn il-poplu Malti u G\u0127awdxi.<\/p>\n<p>Pajji\u017cna je\u0127tie\u0121 Gvern elett &#8211; b\u2019mandat \u0121did \u2013 iffukat biss fuq il-\u0127ti\u0121ijiet tal-pajji\u017c min\u0127abba l-isfidi kollha li l-kuntest li qeg\u0127din fih i\u0121ib mieg\u0127u \u2013 u x-xhur li \u0121ejjin ser ikunu kru\u010bjali.<\/p>\n<p>Ir-responsabbilt\u00e0 titlob minni li nanti\u010bipa dak li ser ikollu b\u017conn pajji\u017cna \u2013 kif g\u0127amilt f\u2019dawn l-a\u0127\u0127ar 6 snin.<\/p>\n<p>Li lil Malta npo\u0121\u0121iha l-ewwel u qabel kollox.<\/p>\n<p>Huwa g\u0127alhekk li llejla, b\u2019mod seren u de\u010bi\u017c, b\u0127ala Prim Ministru \u2013 b\u2019responsabbilt\u00e0, b\u2019konvinzjoni mill-pjan tag\u0127na g\u0127all-\u0121ejjieni u fl-interess nazzjonali.<\/p>\n<p>Se nkun qed nag\u0127ti parir lill-President tar-Repubblika sabiex ixxolji l-Parlament u mmorru g\u0127al elezzjoni \u0121enerali fit-30 ta\u2019 Mejju 2026.<\/p>\n<p>Jien in\u0127ares \u2019il quddiem biex flimkien nibnu l-futur ta\u2019 dan il-pajji\u017c.<\/p>\n<p>Mas-ser\u0127an il-mo\u0127\u0127 u l-istabbilt\u00e0, dejjem enfasizzajt ukoll li nibqg\u0127u nwettqu l-pjan ambizzju\u017c g\u0127al Malta \u2013 illum mi\u0121bur fil-Vi\u017cjoni 2050.<\/p>\n<p>G\u0127andna l-ener\u0121ija, l-entu\u017cja\u017cmu u l-ideat \u0121odda g\u0127all-futur.<\/p>\n<p>B\u0127ala Gvern wettaqna, u qed inwettqu pro\u0121etti kbar \u0127afna li je\u0127tie\u0121 snin g\u0127alihom. Anzi wettaqna aktar minn dak li weg\u0127idna.<\/p>\n<p>Fi ftit \u0121img\u0127at il-poplu jkun g\u0127a\u017cel lil min irid imexxih u hekk ikun jista\u2019 jimxi \u2019l quddiem.<\/p>\n<p>Jien irrid li nibqg\u0127u noffru l-istabbilt\u00e0 me\u0127tie\u0121a, ji\u017cviluppaw kif ji\u017cviluppaw i\u010b-\u010birkostanzi internazzjonali.<\/p>\n<p>Il-vi\u017cjoni m\u0121edda tag\u0127na hija msejsa fuq programm g\u0127all-\u0127ames snin li \u0121ejjin &#8211;\u00a0 pro\u0121ett mill-iktar ambizzju\u017c.<\/p>\n<p>B\u2019ideat \u0121odda.<\/p>\n<p>B\u2019enfasi, aktar minn qatt qabel, fuq \u0127ajja a\u0127jar.\u00a0 Fuq il-wellbeing tag\u0127kom.<\/p>\n<p>Pro\u0121ett politiku li jag\u0127tik is-ser\u0127an il-mo\u0127\u0127 \u2013 bi Gvern li jkun mieg\u0127ek f\u2019kull pass tal-\u0127ajja.<\/p>\n<p>L-enfasi tag\u0127na ser tkun fuq il-kwalit\u00e0 tal-\u0127ajja. Dik ser tkun il-prijorit\u00e0 ewlenija tag\u0127na g\u0127as-snin li \u0121ejjin.<\/p>\n<p>Kif dejjem g\u0127amilna \u2013 ser nkomplu nwie\u017cnu b\u2019mod b\u2019sa\u0127\u0127tu lil min l-aktar li g\u0127andu b\u017conn.<\/p>\n<p>Per\u00f2 se nkun \u010bar.<\/p>\n<p>Min-na\u0127a tag\u0127na se nkunu qed na\u0127dmu b\u2019mod matur. Mhux se nid\u0127lu f\u2019xi rkant politiku fejn dak li joffri \u0127addie\u0127or, a\u0127na nwieg\u0127du aktar.\u00a0 Ser noffru pjan fattibbli, studjat, ambizzju\u017c, i\u017cda fuq kollox responsabbli.<\/p>\n<p>Jien naf x\u2019ifisser li tmexxi pajji\u017c, u xog\u0127li li nibni fuq dak illi ksibna flimkien.<\/p>\n<p>Fil-\u0127in li \u0121ej, ser inkellimkom f\u2019aktar dettall dwar dan il-pjan.<\/p>\n<p>Jien ottimist \u2013 li bir-rieda u l-esperjenza li g\u0127andna, bit-team kompetenti u \u0127abrieki ta\u2019 madwari, bil-politika li n\u0127addnu, u bil-fidu\u010bja tag\u0127kom warajna, pajji\u017cna jkompli miexi \u2019l quddiem, b\u2019sa\u0127\u0127tu aktar minn qatt qabel.<\/p>\n<p>Mag\u0127na, tafu fejn qeg\u0127din.<\/p>\n<p>U aktar minn hekk, mag\u0127na tafu fejn sejrin.<\/p>\n<p>Il-\u0127olma tieg\u0127ek, se tkun il-pro\u0121ett tag\u0127na.<\/p>\n<p>Int se tkun fi\u010b-\u010bentru tal-proposti tag\u0127na g\u0127al Malta Aqwa.<\/p>\n<p>G\u0127ax int min int, inti s-su\u010b\u010bess ta\u2019 dan il-pajji\u017c.<\/p>\n<p>Malta u G\u0127awdex huma intom.<\/p>\n<p>Malta Su\u010b\u010bess, Malta mxiet \u2019il quddiem \u2013 g\u0127ax INT MALTA.<\/p>\n<p>&nbsp;<\/p>\n<div class=\"pvc_clear\"><\/div>\n<p id=\"pvc_stats_57292\" class=\"pvc_stats all  \" data-element-id=\"57292\" style=\"\"><i class=\"pvc-stats-icon medium\" aria-hidden=\"true\"><svg xmlns=\"http:\/\/www.w3.org\/2000\/svg\" version=\"1.0\" viewBox=\"0 0 502 315\" preserveAspectRatio=\"xMidYMid meet\"><g transform=\"translate(0,332) scale(0.1,-0.1)\" fill=\"\" stroke=\"none\"><path d=\"M2394 3279 l-29 -30 -3 -207 c-2 -182 0 -211 15 -242 39 -76 157 -76 196 0 15 31 17 60 15 243 l-3 209 -33 29 c-26 23 -41 29 -80 29 -41 0 -53 -5 -78 -31z\"\/><path d=\"M3085 3251 c-45 -19 -58 -50 -96 -229 -47 -217 -49 -260 -13 -295 52 -53 146 -42 177 20 16 31 87 366 87 410 0 70 -86 122 -155 94z\"\/><path d=\"M1751 3234 c-13 -9 -29 -31 -37 -50 -12 -29 -10 -49 21 -204 19 -94 39 -189 45 -210 14 -50 54 -80 110 -80 34 0 48 6 76 34 21 21 34 44 34 59 0 14 -18 113 -40 219 -37 178 -43 195 -70 221 -36 32 -101 37 -139 11z\"\/><path d=\"M1163 3073 c-36 -7 -73 -59 -73 -102 0 -56 133 -378 171 -413 34 -32 83 -37 129 -13 70 36 67 87 -16 290 -86 209 -89 214 -129 231 -35 14 -42 15 -82 7z\"\/><path d=\"M3689 3066 c-15 -9 -33 -30 -42 -48 -48 -103 -147 -355 -147 -375 0 -98 131 -148 192 -74 13 15 57 108 97 206 80 196 84 226 37 273 -30 30 -99 39 -137 18z\"\/><path d=\"M583 2784 c-38 -19 -67 -74 -58 -113 9 -42 211 -354 242 -373 16 -10 45 -18 66 -18 51 0 107 52 107 100 0 39 -1 41 -124 234 -80 126 -108 162 -133 173 -41 17 -61 16 -100 -3z\"\/><path d=\"M4250 2784 c-14 -9 -74 -91 -133 -183 -95 -150 -107 -173 -107 -213 0 -55 33 -94 87 -104 67 -13 90 8 211 198 130 202 137 225 78 284 -27 27 -42 34 -72 34 -22 0 -50 -8 -64 -16z\"\/><path d=\"M2275 2693 c-553 -48 -1095 -270 -1585 -649 -135 -104 -459 -423 -483 -476 -23 -49 -22 -139 2 -186 73 -142 361 -457 571 -626 285 -228 642 -407 990 -497 242 -63 336 -73 660 -74 310 0 370 5 595 52 535 111 1045 392 1455 803 122 121 250 273 275 326 19 41 19 137 0 174 -41 79 -309 363 -465 492 -447 370 -946 591 -1479 653 -113 14 -422 18 -536 8z m395 -428 c171 -34 330 -124 456 -258 112 -119 167 -219 211 -378 27 -96 24 -300 -5 -401 -72 -255 -236 -447 -474 -557 -132 -62 -201 -76 -368 -76 -167 0 -236 14 -368 76 -213 98 -373 271 -451 485 -162 444 86 934 547 1084 153 49 292 57 452 25z m909 -232 c222 -123 408 -262 593 -441 76 -74 138 -139 138 -144 0 -16 -233 -242 -330 -319 -155 -123 -309 -223 -461 -299 l-81 -41 32 46 c18 26 49 83 70 128 143 306 141 649 -6 957 -25 52 -61 116 -79 142 l-34 47 45 -20 c26 -10 76 -36 113 -56z m-2057 25 c-40 -58 -105 -190 -130 -263 -110 -324 -59 -707 132 -981 25 -35 42 -64 37 -64 -19 0 -241 119 -326 174 -188 122 -406 314 -532 468 l-58 71 108 103 c185 178 428 349 672 473 66 33 121 60 123 61 2 0 -10 -19 -26 -42z\"\/><path d=\"M2375 1950 c-198 -44 -350 -190 -395 -379 -18 -76 -8 -221 19 -290 114 -284 457 -406 731 -260 98 52 188 154 231 260 27 69 37 214 19 290 -38 163 -166 304 -326 360 -67 23 -215 33 -279 19z\"\/><\/g><\/svg><\/i> <img loading=\"lazy\" decoding=\"async\" width=\"16\" height=\"16\" alt=\"Loading\" src=\"http:\/\/livenewsmalta.com\/wp-content\/plugins\/page-views-count\/ajax-loader-2x.gif\" border=0 \/><\/p>\n<div class=\"pvc_clear\"><\/div>\n","protected":false},"excerpt":{"rendered":"<p>Messa\u0121\u0121 lin-nazzjon mill-Prim Ministru Robert Abela Insellmilkom, Fl-a\u0127\u0127ar \u0121img\u0127at g\u0127exna, u g\u0127adna qed ng\u0127ixu sitwazzjoni internazzjonali straordinarja mad-dinja kollha. Sa tlett ijiem ilu biss, a\u0127na l-Mexxejja Ewropej u Mexxejja o\u0127rajn, \u0121ejna msejj\u0127in f\u2019\u010aipru biex nitkellmu dwar din is-sitwazzjoni internazzjonali straordinarja. Wie\u0127ed mill-aktar su\u0121\u0121etti ta\u2019 t\u0127assib g\u0127alina l-Ewropej, u g\u0127ad-dinja kollha, hija s-sitwazzjoni tal-ener\u0121ija. Tkellimna fuq [&hellip;]<\/p>\n<div class=\"pvc_clear\"><\/div>\n<p id=\"pvc_stats_57292\" class=\"pvc_stats all  \" data-element-id=\"57292\" style=\"\"><i class=\"pvc-stats-icon medium\" aria-hidden=\"true\"><svg xmlns=\"http:\/\/www.w3.org\/2000\/svg\" version=\"1.0\" viewBox=\"0 0 502 315\" preserveAspectRatio=\"xMidYMid meet\"><g transform=\"translate(0,332) scale(0.1,-0.1)\" fill=\"\" stroke=\"none\"><path d=\"M2394 3279 l-29 -30 -3 -207 c-2 -182 0 -211 15 -242 39 -76 157 -76 196 0 15 31 17 60 15 243 l-3 209 -33 29 c-26 23 -41 29 -80 29 -41 0 -53 -5 -78 -31z\"\/><path d=\"M3085 3251 c-45 -19 -58 -50 -96 -229 -47 -217 -49 -260 -13 -295 52 -53 146 -42 177 20 16 31 87 366 87 410 0 70 -86 122 -155 94z\"\/><path d=\"M1751 3234 c-13 -9 -29 -31 -37 -50 -12 -29 -10 -49 21 -204 19 -94 39 -189 45 -210 14 -50 54 -80 110 -80 34 0 48 6 76 34 21 21 34 44 34 59 0 14 -18 113 -40 219 -37 178 -43 195 -70 221 -36 32 -101 37 -139 11z\"\/><path d=\"M1163 3073 c-36 -7 -73 -59 -73 -102 0 -56 133 -378 171 -413 34 -32 83 -37 129 -13 70 36 67 87 -16 290 -86 209 -89 214 -129 231 -35 14 -42 15 -82 7z\"\/><path d=\"M3689 3066 c-15 -9 -33 -30 -42 -48 -48 -103 -147 -355 -147 -375 0 -98 131 -148 192 -74 13 15 57 108 97 206 80 196 84 226 37 273 -30 30 -99 39 -137 18z\"\/><path d=\"M583 2784 c-38 -19 -67 -74 -58 -113 9 -42 211 -354 242 -373 16 -10 45 -18 66 -18 51 0 107 52 107 100 0 39 -1 41 -124 234 -80 126 -108 162 -133 173 -41 17 -61 16 -100 -3z\"\/><path d=\"M4250 2784 c-14 -9 -74 -91 -133 -183 -95 -150 -107 -173 -107 -213 0 -55 33 -94 87 -104 67 -13 90 8 211 198 130 202 137 225 78 284 -27 27 -42 34 -72 34 -22 0 -50 -8 -64 -16z\"\/><path d=\"M2275 2693 c-553 -48 -1095 -270 -1585 -649 -135 -104 -459 -423 -483 -476 -23 -49 -22 -139 2 -186 73 -142 361 -457 571 -626 285 -228 642 -407 990 -497 242 -63 336 -73 660 -74 310 0 370 5 595 52 535 111 1045 392 1455 803 122 121 250 273 275 326 19 41 19 137 0 174 -41 79 -309 363 -465 492 -447 370 -946 591 -1479 653 -113 14 -422 18 -536 8z m395 -428 c171 -34 330 -124 456 -258 112 -119 167 -219 211 -378 27 -96 24 -300 -5 -401 -72 -255 -236 -447 -474 -557 -132 -62 -201 -76 -368 -76 -167 0 -236 14 -368 76 -213 98 -373 271 -451 485 -162 444 86 934 547 1084 153 49 292 57 452 25z m909 -232 c222 -123 408 -262 593 -441 76 -74 138 -139 138 -144 0 -16 -233 -242 -330 -319 -155 -123 -309 -223 -461 -299 l-81 -41 32 46 c18 26 49 83 70 128 143 306 141 649 -6 957 -25 52 -61 116 -79 142 l-34 47 45 -20 c26 -10 76 -36 113 -56z m-2057 25 c-40 -58 -105 -190 -130 -263 -110 -324 -59 -707 132 -981 25 -35 42 -64 37 -64 -19 0 -241 119 -326 174 -188 122 -406 314 -532 468 l-58 71 108 103 c185 178 428 349 672 473 66 33 121 60 123 61 2 0 -10 -19 -26 -42z\"\/><path d=\"M2375 1950 c-198 -44 -350 -190 -395 -379 -18 -76 -8 -221 19 -290 114 -284 457 -406 731 -260 98 52 188 154 231 260 27 69 37 214 19 290 -38 163 -166 304 -326 360 -67 23 -215 33 -279 19z\"\/><\/g><\/svg><\/i> <img loading=\"lazy\" decoding=\"async\" width=\"16\" height=\"16\" alt=\"Loading\" src=\"http:\/\/livenewsmalta.com\/wp-content\/plugins\/page-views-count\/ajax-loader-2x.gif\" border=0 \/><\/p>\n<div class=\"pvc_clear\"><\/div>\n","protected":false},"author":2,"featured_media":57293,"comment_status":"closed","ping_status":"closed","sticky":false,"template":"","format":"standard","meta":{"_uag_custom_page_level_css":"","footnotes":""},"categories":[19],"tags":[],"class_list":{"0":"post-57292","1":"post","2":"type-post","3":"status-publish","4":"format-standard","5":"has-post-thumbnail","7":"category-local-news"},"uagb_featured_image_src":{"full":["http:\/\/livenewsmalta.com\/wp-content\/uploads\/2026\/04\/pr260751a.jpeg",450,300,false],"thumbnail":["http:\/\/livenewsmalta.com\/wp-content\/uploads\/2026\/04\/pr260751a-150x100.jpeg",150,100,true],"medium":["http:\/\/livenewsmalta.com\/wp-content\/uploads\/2026\/04\/pr260751a-300x200.jpeg",300,200,true],"medium_large":["http:\/\/livenewsmalta.com\/wp-content\/uploads\/2026\/04\/pr260751a.jpeg",450,300,false],"large":["http:\/\/livenewsmalta.com\/wp-content\/uploads\/2026\/04\/pr260751a.jpeg",450,300,false],"1536x1536":["http:\/\/livenewsmalta.com\/wp-content\/uploads\/2026\/04\/pr260751a.jpeg",450,300,false],"2048x2048":["http:\/\/livenewsmalta.com\/wp-content\/uploads\/2026\/04\/pr260751a.jpeg",450,300,false],"td_0x420":["http:\/\/livenewsmalta.com\/wp-content\/uploads\/2026\/04\/pr260751a.jpeg",450,300,false],"td_80x60":["http:\/\/livenewsmalta.com\/wp-content\/uploads\/2026\/04\/pr260751a-80x60.jpeg",80,60,true],"td_218x150":["http:\/\/livenewsmalta.com\/wp-content\/uploads\/2026\/04\/pr260751a-218x150.jpeg",218,150,true],"td_324x400":["http:\/\/livenewsmalta.com\/wp-content\/uploads\/2026\/04\/pr260751a-324x300.jpeg",324,300,true],"td_696x0":["http:\/\/livenewsmalta.com\/wp-content\/uploads\/2026\/04\/pr260751a.jpeg",450,300,false],"td_1068x0":["http:\/\/livenewsmalta.com\/wp-content\/uploads\/2026\/04\/pr260751a.jpeg",450,300,false],"td_100x70":["http:\/\/livenewsmalta.com\/wp-content\/uploads\/2026\/04\/pr260751a-100x70.jpeg",100,70,true],"td_265x198":["http:\/\/livenewsmalta.com\/wp-content\/uploads\/2026\/04\/pr260751a-265x198.jpeg",265,198,true],"td_324x160":["http:\/\/livenewsmalta.com\/wp-content\/uploads\/2026\/04\/pr260751a-324x160.jpeg",324,160,true],"td_324x235":["http:\/\/livenewsmalta.com\/wp-content\/uploads\/2026\/04\/pr260751a-324x235.jpeg",324,235,true],"td_356x220":["http:\/\/livenewsmalta.com\/wp-content\/uploads\/2026\/04\/pr260751a-356x220.jpeg",356,220,true],"td_356x364":["http:\/\/livenewsmalta.com\/wp-content\/uploads\/2026\/04\/pr260751a-356x300.jpeg",356,300,true],"td_533x261":["http:\/\/livenewsmalta.com\/wp-content\/uploads\/2026\/04\/pr260751a-450x261.jpeg",450,261,true],"td_534x462":["http:\/\/livenewsmalta.com\/wp-content\/uploads\/2026\/04\/pr260751a.jpeg",450,300,false],"td_696x385":["http:\/\/livenewsmalta.com\/wp-content\/uploads\/2026\/04\/pr260751a.jpeg",450,300,false],"td_741x486":["http:\/\/livenewsmalta.com\/wp-content\/uploads\/2026\/04\/pr260751a.jpeg",450,300,false],"td_1068x580":["http:\/\/livenewsmalta.com\/wp-content\/uploads\/2026\/04\/pr260751a.jpeg",450,300,false]},"uagb_author_info":{"display_name":"Bernard Lynch","author_link":"http:\/\/livenewsmalta.com\/index.php\/author\/bernardlynch\/"},"uagb_comment_info":0,"uagb_excerpt":"Messa\u0121\u0121 lin-nazzjon mill-Prim Ministru Robert Abela Insellmilkom, Fl-a\u0127\u0127ar \u0121img\u0127at g\u0127exna, u g\u0127adna qed ng\u0127ixu sitwazzjoni internazzjonali straordinarja mad-dinja kollha. Sa tlett ijiem ilu biss, a\u0127na l-Mexxejja Ewropej u Mexxejja o\u0127rajn, \u0121ejna msejj\u0127in f\u2019\u010aipru biex nitkellmu dwar din is-sitwazzjoni internazzjonali straordinarja. Wie\u0127ed mill-aktar su\u0121\u0121etti ta\u2019 t\u0127assib g\u0127alina l-Ewropej, u g\u0127ad-dinja kollha, hija s-sitwazzjoni tal-ener\u0121ija. Tkellimna fuq&hellip;","_links":{"self":[{"href":"http:\/\/livenewsmalta.com\/index.php\/wp-json\/wp\/v2\/posts\/57292","targetHints":{"allow":["GET"]}}],"collection":[{"href":"http:\/\/livenewsmalta.com\/index.php\/wp-json\/wp\/v2\/posts"}],"about":[{"href":"http:\/\/livenewsmalta.com\/index.php\/wp-json\/wp\/v2\/types\/post"}],"author":[{"embeddable":true,"href":"http:\/\/livenewsmalta.com\/index.php\/wp-json\/wp\/v2\/users\/2"}],"replies":[{"embeddable":true,"href":"http:\/\/livenewsmalta.com\/index.php\/wp-json\/wp\/v2\/comments?post=57292"}],"version-history":[{"count":1,"href":"http:\/\/livenewsmalta.com\/index.php\/wp-json\/wp\/v2\/posts\/57292\/revisions"}],"predecessor-version":[{"id":57294,"href":"http:\/\/livenewsmalta.com\/index.php\/wp-json\/wp\/v2\/posts\/57292\/revisions\/57294"}],"wp:featuredmedia":[{"embeddable":true,"href":"http:\/\/livenewsmalta.com\/index.php\/wp-json\/wp\/v2\/media\/57293"}],"wp:attachment":[{"href":"http:\/\/livenewsmalta.com\/index.php\/wp-json\/wp\/v2\/media?parent=57292"}],"wp:term":[{"taxonomy":"category","embeddable":true,"href":"http:\/\/livenewsmalta.com\/index.php\/wp-json\/wp\/v2\/categories?post=57292"},{"taxonomy":"post_tag","embeddable":true,"href":"http:\/\/livenewsmalta.com\/index.php\/wp-json\/wp\/v2\/tags?post=57292"}],"curies":[{"name":"wp","href":"https:\/\/api.w.org\/{rel}","templated":true}]}}